{"id":690,"date":"2026-03-06T20:17:27","date_gmt":"2026-03-06T20:17:27","guid":{"rendered":"https:\/\/lanotadigitalec.com\/?p=690"},"modified":"2026-03-15T05:28:15","modified_gmt":"2026-03-15T05:28:15","slug":"reasfaltado-de-vias-alcanza-el-80-de-avance","status":"publish","type":"post","link":"https:\/\/lanotadigitalec.com\/index.php\/2026\/03\/06\/reasfaltado-de-vias-alcanza-el-80-de-avance\/","title":{"rendered":"Reasfaltado de v\u00edas alcanza el 80% de avance"},"content":{"rendered":"\n<p>La Alcald\u00eda de la Gente, a trav\u00e9s de la Direcci\u00f3n de Gesti\u00f3n de Obras P\u00fablicas del Municipio de Riobamba, informa a la ciudadan\u00eda sobre el importante avance del proyecto de reasfaltado de varias v\u00edas conectoras de la ciudad, una intervenci\u00f3n estrat\u00e9gica que fortalece la movilidad y mejora la calidad de vida de miles de riobambe\u00f1os.<\/p>\n\n\n\n<figure class=\"wp-block-image size-large\"><img loading=\"lazy\" decoding=\"async\" width=\"1024\" height=\"768\" src=\"https:\/\/lanotadigitalec.com\/wp-content\/uploads\/2026\/03\/Unknown-6-1024x768.jpeg\" alt=\"\" class=\"wp-image-691\" srcset=\"https:\/\/lanotadigitalec.com\/wp-content\/uploads\/2026\/03\/Unknown-6-1024x768.jpeg 1024w, https:\/\/lanotadigitalec.com\/wp-content\/uploads\/2026\/03\/Unknown-6-300x225.jpeg 300w, https:\/\/lanotadigitalec.com\/wp-content\/uploads\/2026\/03\/Unknown-6-768x576.jpeg 768w, https:\/\/lanotadigitalec.com\/wp-content\/uploads\/2026\/03\/Unknown-6.jpeg 1280w\" sizes=\"auto, (max-width: 1024px) 100vw, 1024px\" \/><\/figure>\n\n\n\n<!--more-->\n\n\n\n<p>Este proyecto contempl\u00f3 la recuperaci\u00f3n integral del reasfaltado y se\u00f1alizaci\u00f3n horizontal de calles Garc\u00eda Moreno, Pichincha y Rocafuerte, arterias fundamentales para la circulaci\u00f3n vehicular en el casco urbano.<br>Actualmente, los trabajos se concentran en la recuperaci\u00f3n de la Avenida Sesquicentenario, donde avanza el reasfaltado en el carril sentido sur\u2013norte. Esta v\u00eda constituye un eje clave de conexi\u00f3n para la ciudad, por lo que su intervenci\u00f3n representa un aporte significativo a la seguridad vial y fluidez del tr\u00e1nsito<br>Luis Umbillo, residente de obra, explic\u00f3 que la ejecuci\u00f3n de los trabajos registr\u00f3 retrasos debido a las condiciones clim\u00e1ticas adversas. \u201cLas lluvias de las semanas anteriores complicaron el normal desempe\u00f1o de la maquinaria y del personal t\u00e9cnico, lo que oblig\u00f3 a reprogramar ciertas actividades\u201d, se\u00f1al\u00f3. No obstante, destac\u00f3 que el proyecto general alcanza ya un 80% de avance.<br>El \u00faltimo tramo de intervenci\u00f3n corresponder\u00e1 al carril sentido norte\u2013sur de la Avenida Sesquicentenario, desde la Avenida Monse\u00f1or Leonidas Proa\u00f1o hasta la Avenida 11 de Noviembre. En este sector se proceder\u00e1 inicialmente al levantamiento de la carpeta asf\u00e1ltica que ha cumplido su vida \u00fatil, para posteriormente colocar la nueva capa de asfalto que garantizar\u00e1 mayor durabilidad y mejores condiciones de circulaci\u00f3n.<br>La Alcald\u00eda de la Gente reafirma su compromiso con el desarrollo urbano planificado, priorizando obras que transforman la movilidad y contribuyen a una ciudad m\u00e1s ordenada, segura y moderna.<\/p>\n","protected":false},"excerpt":{"rendered":"<p>La Alcald\u00eda de la Gente, a trav\u00e9s de la Direcci\u00f3n de Gesti\u00f3n de Obras P\u00fablicas del Municipio de Riobamba, informa a la ciudadan\u00eda sobre el importante avance del proyecto de reasfaltado de varias v\u00edas conectoras de la ciudad, una intervenci\u00f3n estrat\u00e9gica que fortalece la movilidad y mejora la calidad de vida de miles de riobambe\u00f1os.<\/p>\n","protected":false},"author":1,"featured_media":691,"comment_status":"open","ping_status":"open","sticky":false,"template":"","format":"standard","meta":{"footnotes":""},"categories":[17],"tags":[11,44,6],"class_list":["post-690","post","type-post","status-publish","format-standard","has-post-thumbnail","hentry","category-canton","tag-municipio","tag-obras","tag-riobamba"],"_links":{"self":[{"href":"https:\/\/lanotadigitalec.com\/index.php\/wp-json\/wp\/v2\/posts\/690","targetHints":{"allow":["GET"]}}],"collection":[{"href":"https:\/\/lanotadigitalec.com\/index.php\/wp-json\/wp\/v2\/posts"}],"about":[{"href":"https:\/\/lanotadigitalec.com\/index.php\/wp-json\/wp\/v2\/types\/post"}],"author":[{"embeddable":true,"href":"https:\/\/lanotadigitalec.com\/index.php\/wp-json\/wp\/v2\/users\/1"}],"replies":[{"embeddable":true,"href":"https:\/\/lanotadigitalec.com\/index.php\/wp-json\/wp\/v2\/comments?post=690"}],"version-history":[{"count":2,"href":"https:\/\/lanotadigitalec.com\/index.php\/wp-json\/wp\/v2\/posts\/690\/revisions"}],"predecessor-version":[{"id":693,"href":"https:\/\/lanotadigitalec.com\/index.php\/wp-json\/wp\/v2\/posts\/690\/revisions\/693"}],"wp:featuredmedia":[{"embeddable":true,"href":"https:\/\/lanotadigitalec.com\/index.php\/wp-json\/wp\/v2\/media\/691"}],"wp:attachment":[{"href":"https:\/\/lanotadigitalec.com\/index.php\/wp-json\/wp\/v2\/media?parent=690"}],"wp:term":[{"taxonomy":"category","embeddable":true,"href":"https:\/\/lanotadigitalec.com\/index.php\/wp-json\/wp\/v2\/categories?post=690"},{"taxonomy":"post_tag","embeddable":true,"href":"https:\/\/lanotadigitalec.com\/index.php\/wp-json\/wp\/v2\/tags?post=690"}],"curies":[{"name":"wp","href":"https:\/\/api.w.org\/{rel}","templated":true}]}}